{"id":396,"date":"2017-12-12T13:51:09","date_gmt":"2017-12-12T12:51:09","guid":{"rendered":"https:\/\/www.activedreams.ch\/?p=396"},"modified":"2022-12-12T09:54:37","modified_gmt":"2022-12-12T08:54:37","slug":"selvaggioblu","status":"publish","type":"post","link":"https:\/\/www.activedreams.ch\/en\/selvaggioblu\/","title":{"rendered":"SelvaggioBlu"},"content":{"rendered":"<p><strong>\u2026eine \u201ehorizontale\u201c Bergtour vom Feinsten und Wildesten\u2026<\/strong><\/p>\n<p>In einer wundersch\u00f6nen Landschaft, der \u00f6stlichen Felsk\u00fcste Sardiniens entlang \u2013 zwischen Pedra Longa und Cala Sisine \u2013 ging es \u00fcber Stock und Stein, durch dichtesten immergr\u00fcnen Laubwald, rauf und runter. Sehr abwechslungsreich in der Bew\u00e4ltigung des Gel\u00e4ndes. Auch wenn\u2019s ein Weg gab, musste jeder Schritt gut gesetzt werden\u2026(in die Luft schauen wurde sofort mit einem Sturz bestraft)\u2026<\/p>\n<p>Felsen mussten \u00a0durch leichte , bis auch mal mittlere Kletterei erklommen werden, manchmal zum Gl\u00fcck durch alte Steighilfen in Form von Wacholderbaumst\u00e4mmen aus fr\u00fcherer Zeit (von Sch\u00e4fern und K\u00f6hlern errichtet).<\/p>\n<p>Dann wieder mutiges und luftiges Abseilen \u2026zum Gl\u00fcck gut gesichert von Carlo, dem \u201eBergf\u00fchrer meines Vertrauens\u201c.<br class=\"\" \/>Und das alles mit Traumkulisse\u2026dem smaragdgr\u00fcnen Wasser und dem endlos weiten Meer bis zum Horizont\u2026<br class=\"\" \/>bei bestem Wetter und Sonnenschein und milden 17 bis 20 Grad \u2026(im November).<\/p>\n<p>Auch die N\u00e4chte unterm Sternenhimmel im Zelt\u2026meist direkt am Strand mit Meeresrauschen waren dank Schlafsack kuschelig warm und gem\u00fctlich.<br class=\"\" \/>Eine wundersch\u00f6ne Trekkingtour mit sportlicher Herausforderung in grandioser Landschaft und erholsamer Stille.<br class=\"\" \/>Etwas ganz besonderes\u2026und einmalig Sch\u00f6nes.<br class=\"\" \/><br class=\"\" \/>Ruth J. , M\u00fcnchen<\/p>\n","protected":false},"excerpt":{"rendered":"<p>\u2026eine \u201ehorizontale\u201c Bergtour vom Feinsten und Wildesten\u2026 In einer wundersch\u00f6nen Landschaft, der \u00f6stlichen Felsk\u00fcste Sardiniens [&hellip;]<\/p>\n","protected":false},"author":2,"featured_media":398,"comment_status":"open","ping_status":"open","sticky":false,"template":"","format":"standard","meta":{"_acf_changed":false,"footnotes":""},"categories":[70],"tags":[],"class_list":["post-396","post","type-post","status-publish","format-standard","has-post-thumbnail","hentry","category-sommer"],"acf":[],"_links":{"self":[{"href":"https:\/\/www.activedreams.ch\/en\/wp-json\/wp\/v2\/posts\/396","targetHints":{"allow":["GET"]}}],"collection":[{"href":"https:\/\/www.activedreams.ch\/en\/wp-json\/wp\/v2\/posts"}],"about":[{"href":"https:\/\/www.activedreams.ch\/en\/wp-json\/wp\/v2\/types\/post"}],"author":[{"embeddable":true,"href":"https:\/\/www.activedreams.ch\/en\/wp-json\/wp\/v2\/users\/2"}],"replies":[{"embeddable":true,"href":"https:\/\/www.activedreams.ch\/en\/wp-json\/wp\/v2\/comments?post=396"}],"version-history":[{"count":1,"href":"https:\/\/www.activedreams.ch\/en\/wp-json\/wp\/v2\/posts\/396\/revisions"}],"predecessor-version":[{"id":397,"href":"https:\/\/www.activedreams.ch\/en\/wp-json\/wp\/v2\/posts\/396\/revisions\/397"}],"wp:featuredmedia":[{"embeddable":true,"href":"https:\/\/www.activedreams.ch\/en\/wp-json\/wp\/v2\/media\/398"}],"wp:attachment":[{"href":"https:\/\/www.activedreams.ch\/en\/wp-json\/wp\/v2\/media?parent=396"}],"wp:term":[{"taxonomy":"category","embeddable":true,"href":"https:\/\/www.activedreams.ch\/en\/wp-json\/wp\/v2\/categories?post=396"},{"taxonomy":"post_tag","embeddable":true,"href":"https:\/\/www.activedreams.ch\/en\/wp-json\/wp\/v2\/tags?post=396"}],"curies":[{"name":"wp","href":"https:\/\/api.w.org\/{rel}","templated":true}]}}